{"id":386,"date":"2014-03-22T20:16:34","date_gmt":"2014-03-22T19:16:34","guid":{"rendered":"http:\/\/apri.fmc-sc.org\/?p=386"},"modified":"2015-03-27T10:45:58","modified_gmt":"2015-03-27T09:45:58","slug":"soiree-apri-rozay-en-brie","status":"publish","type":"post","link":"https:\/\/apri.fmc-sc.org\/?p=386","title":{"rendered":"Soir\u00e9e APRI \u00e0 Rozay en Brie"},"content":{"rendered":"<p>Une soir\u00e9e a \u00e9t\u00e9 organis\u00e9e par l&rsquo;APRI le vendredi 21 mars 2014, \u00e0 Rozay en Brie (Seine et Marne) sur le B\u00e9nin. L&rsquo;accueil des participants c&rsquo;est fait dans une bonne ambiance,\u00a0 au rythme du djemb\u00e9. Apr\u00e8s un temps de pr\u00e9sentation de l&rsquo;Association, un diaporama a permis de d\u00e9couvrir le B\u00e9nin (g\u00e9ographie, population, paysages, etc). Ensuite Fr Michel a pr\u00e9sent\u00e9 les projets des Fr\u00e8res Missionnaires des Campagnes \u00e0 Birni et Sokounon et sr Caroline le projet \u00e0 Copargo (luaqtte contre la malnutrition des petits enfants).<\/p>\n\n\t\t<style type=\"text\/css\">\n\t\t\t#gallery-1 {\n\t\t\t\tmargin: auto;\n\t\t\t}\n\t\t\t#gallery-1 .gallery-item {\n\t\t\t\tfloat: left;\n\t\t\t\tmargin-top: 10px;\n\t\t\t\ttext-align: center;\n\t\t\t\twidth: 33%;\n\t\t\t}\n\t\t\t#gallery-1 img {\n\t\t\t\tborder: 2px solid #cfcfcf;\n\t\t\t}\n\t\t\t#gallery-1 .gallery-caption {\n\t\t\t\tmargin-left: 0;\n\t\t\t}\n\t\t\t\/* see gallery_shortcode() in wp-includes\/media.php *\/\n\t\t<\/style>\n\t\t<div data-carousel-extra='{\"blog_id\":1,\"permalink\":\"https:\\\/\\\/apri.fmc-sc.org\\\/?p=386\"}' id='gallery-1' class='gallery galleryid-386 gallery-columns-3 gallery-size-thumbnail'><dl class='gallery-item'>\n\t\t\t<dt class='gallery-icon landscape'>\n\t\t\t\t<a href='https:\/\/apri.fmc-sc.org\/?attachment_id=393'><img width=\"150\" height=\"150\" src=\"https:\/\/apri.fmc-sc.org\/wp-content\/uploads\/2014\/03\/Diapositive1-150x150.jpg\" class=\"attachment-thumbnail size-thumbnail\" alt=\"\" decoding=\"async\" loading=\"lazy\" data-attachment-id=\"393\" data-permalink=\"https:\/\/apri.fmc-sc.org\/?attachment_id=393\" data-orig-file=\"https:\/\/apri.fmc-sc.org\/wp-content\/uploads\/2014\/03\/Diapositive1.jpg\" data-orig-size=\"960,540\" data-comments-opened=\"1\" data-image-meta=\"{&quot;aperture&quot;:&quot;0&quot;,&quot;credit&quot;:&quot;&quot;,&quot;camera&quot;:&quot;&quot;,&quot;caption&quot;:&quot;&quot;,&quot;created_timestamp&quot;:&quot;0&quot;,&quot;copyright&quot;:&quot;&quot;,&quot;focal_length&quot;:&quot;0&quot;,&quot;iso&quot;:&quot;0&quot;,&quot;shutter_speed&quot;:&quot;0&quot;,&quot;title&quot;:&quot;&quot;}\" data-image-title=\"Diapositive1\" data-image-description=\"\" data-image-caption=\"\" data-medium-file=\"https:\/\/apri.fmc-sc.org\/wp-content\/uploads\/2014\/03\/Diapositive1-300x168.jpg\" data-large-file=\"https:\/\/apri.fmc-sc.org\/wp-content\/uploads\/2014\/03\/Diapositive1.jpg\" \/><\/a>\n\t\t\t<\/dt><\/dl><dl class='gallery-item'>\n\t\t\t<dt class='gallery-icon landscape'>\n\t\t\t\t<a href='https:\/\/apri.fmc-sc.org\/?attachment_id=387'><img width=\"150\" height=\"150\" src=\"https:\/\/apri.fmc-sc.org\/wp-content\/uploads\/2014\/08\/1.Accueil-en-musique-150x150.jpg\" class=\"attachment-thumbnail size-thumbnail\" alt=\"\" decoding=\"async\" loading=\"lazy\" data-attachment-id=\"387\" data-permalink=\"https:\/\/apri.fmc-sc.org\/?attachment_id=387\" data-orig-file=\"https:\/\/apri.fmc-sc.org\/wp-content\/uploads\/2014\/08\/1.Accueil-en-musique.jpg\" data-orig-size=\"900,506\" data-comments-opened=\"1\" data-image-meta=\"{&quot;aperture&quot;:&quot;3.2&quot;,&quot;credit&quot;:&quot;&quot;,&quot;camera&quot;:&quot;DSC-HX1&quot;,&quot;caption&quot;:&quot;&quot;,&quot;created_timestamp&quot;:&quot;1395438917&quot;,&quot;copyright&quot;:&quot;&quot;,&quot;focal_length&quot;:&quot;6.8&quot;,&quot;iso&quot;:&quot;400&quot;,&quot;shutter_speed&quot;:&quot;0.033333333333333&quot;,&quot;title&quot;:&quot;&quot;}\" data-image-title=\"1.Accueil en musique\" data-image-description=\"\" data-image-caption=\"\" data-medium-file=\"https:\/\/apri.fmc-sc.org\/wp-content\/uploads\/2014\/08\/1.Accueil-en-musique-300x168.jpg\" data-large-file=\"https:\/\/apri.fmc-sc.org\/wp-content\/uploads\/2014\/08\/1.Accueil-en-musique.jpg\" \/><\/a>\n\t\t\t<\/dt><\/dl><dl class='gallery-item'>\n\t\t\t<dt class='gallery-icon landscape'>\n\t\t\t\t<a href='https:\/\/apri.fmc-sc.org\/?attachment_id=388'><img width=\"150\" height=\"150\" src=\"https:\/\/apri.fmc-sc.org\/wp-content\/uploads\/2014\/08\/1.bis_.Accueil-150x150.jpg\" class=\"attachment-thumbnail size-thumbnail\" alt=\"\" decoding=\"async\" loading=\"lazy\" data-attachment-id=\"388\" data-permalink=\"https:\/\/apri.fmc-sc.org\/?attachment_id=388\" data-orig-file=\"https:\/\/apri.fmc-sc.org\/wp-content\/uploads\/2014\/08\/1.bis_.Accueil.jpg\" data-orig-size=\"900,506\" data-comments-opened=\"1\" data-image-meta=\"{&quot;aperture&quot;:&quot;2.8&quot;,&quot;credit&quot;:&quot;&quot;,&quot;camera&quot;:&quot;DSC-HX1&quot;,&quot;caption&quot;:&quot;&quot;,&quot;created_timestamp&quot;:&quot;1395439348&quot;,&quot;copyright&quot;:&quot;&quot;,&quot;focal_length&quot;:&quot;5&quot;,&quot;iso&quot;:&quot;400&quot;,&quot;shutter_speed&quot;:&quot;0.033333333333333&quot;,&quot;title&quot;:&quot;&quot;}\" data-image-title=\"1.bis.Accueil\" data-image-description=\"\" data-image-caption=\"\" data-medium-file=\"https:\/\/apri.fmc-sc.org\/wp-content\/uploads\/2014\/08\/1.bis_.Accueil-300x168.jpg\" data-large-file=\"https:\/\/apri.fmc-sc.org\/wp-content\/uploads\/2014\/08\/1.bis_.Accueil.jpg\" \/><\/a>\n\t\t\t<\/dt><\/dl><br style=\"clear: both\" \/><dl class='gallery-item'>\n\t\t\t<dt class='gallery-icon landscape'>\n\t\t\t\t<a href='https:\/\/apri.fmc-sc.org\/?attachment_id=389'><img width=\"150\" height=\"150\" src=\"https:\/\/apri.fmc-sc.org\/wp-content\/uploads\/2014\/08\/2.Un-diaporama-pr\u00e9sente-lAPRI-et-le-B\u00e9nin-150x150.jpg\" class=\"attachment-thumbnail size-thumbnail\" alt=\"\" decoding=\"async\" loading=\"lazy\" data-attachment-id=\"389\" data-permalink=\"https:\/\/apri.fmc-sc.org\/?attachment_id=389\" data-orig-file=\"https:\/\/apri.fmc-sc.org\/wp-content\/uploads\/2014\/08\/2.Un-diaporama-pr\u00e9sente-lAPRI-et-le-B\u00e9nin.jpg\" data-orig-size=\"900,506\" data-comments-opened=\"1\" data-image-meta=\"{&quot;aperture&quot;:&quot;2.8&quot;,&quot;credit&quot;:&quot;&quot;,&quot;camera&quot;:&quot;DSC-HX1&quot;,&quot;caption&quot;:&quot;&quot;,&quot;created_timestamp&quot;:&quot;1395439089&quot;,&quot;copyright&quot;:&quot;&quot;,&quot;focal_length&quot;:&quot;5&quot;,&quot;iso&quot;:&quot;125&quot;,&quot;shutter_speed&quot;:&quot;0.033333333333333&quot;,&quot;title&quot;:&quot;&quot;}\" data-image-title=\"2.Un diaporama pr\u00e9sente l&amp;rsquo;APRI et le B\u00e9nin\" data-image-description=\"\" data-image-caption=\"\" data-medium-file=\"https:\/\/apri.fmc-sc.org\/wp-content\/uploads\/2014\/08\/2.Un-diaporama-pr\u00e9sente-lAPRI-et-le-B\u00e9nin-300x168.jpg\" data-large-file=\"https:\/\/apri.fmc-sc.org\/wp-content\/uploads\/2014\/08\/2.Un-diaporama-pr\u00e9sente-lAPRI-et-le-B\u00e9nin.jpg\" \/><\/a>\n\t\t\t<\/dt><\/dl><dl class='gallery-item'>\n\t\t\t<dt class='gallery-icon landscape'>\n\t\t\t\t<a href='https:\/\/apri.fmc-sc.org\/?attachment_id=394'><img width=\"150\" height=\"150\" src=\"https:\/\/apri.fmc-sc.org\/wp-content\/uploads\/2014\/03\/Diapositive7-150x150.jpg\" class=\"attachment-thumbnail size-thumbnail\" alt=\"\" decoding=\"async\" loading=\"lazy\" data-attachment-id=\"394\" data-permalink=\"https:\/\/apri.fmc-sc.org\/?attachment_id=394\" data-orig-file=\"https:\/\/apri.fmc-sc.org\/wp-content\/uploads\/2014\/03\/Diapositive7.jpg\" data-orig-size=\"959,539\" data-comments-opened=\"1\" data-image-meta=\"{&quot;aperture&quot;:&quot;0&quot;,&quot;credit&quot;:&quot;&quot;,&quot;camera&quot;:&quot;&quot;,&quot;caption&quot;:&quot;&quot;,&quot;created_timestamp&quot;:&quot;0&quot;,&quot;copyright&quot;:&quot;&quot;,&quot;focal_length&quot;:&quot;0&quot;,&quot;iso&quot;:&quot;0&quot;,&quot;shutter_speed&quot;:&quot;0&quot;,&quot;title&quot;:&quot;&quot;}\" data-image-title=\"Diapositive7\" data-image-description=\"\" data-image-caption=\"\" data-medium-file=\"https:\/\/apri.fmc-sc.org\/wp-content\/uploads\/2014\/03\/Diapositive7-300x168.jpg\" data-large-file=\"https:\/\/apri.fmc-sc.org\/wp-content\/uploads\/2014\/03\/Diapositive7.jpg\" \/><\/a>\n\t\t\t<\/dt><\/dl><dl class='gallery-item'>\n\t\t\t<dt class='gallery-icon landscape'>\n\t\t\t\t<a href='https:\/\/apri.fmc-sc.org\/?attachment_id=395'><img width=\"150\" height=\"150\" src=\"https:\/\/apri.fmc-sc.org\/wp-content\/uploads\/2014\/03\/Diapositive18-150x150.jpg\" class=\"attachment-thumbnail size-thumbnail\" alt=\"\" decoding=\"async\" loading=\"lazy\" data-attachment-id=\"395\" data-permalink=\"https:\/\/apri.fmc-sc.org\/?attachment_id=395\" data-orig-file=\"https:\/\/apri.fmc-sc.org\/wp-content\/uploads\/2014\/03\/Diapositive18.jpg\" data-orig-size=\"960,540\" data-comments-opened=\"1\" data-image-meta=\"{&quot;aperture&quot;:&quot;0&quot;,&quot;credit&quot;:&quot;&quot;,&quot;camera&quot;:&quot;&quot;,&quot;caption&quot;:&quot;&quot;,&quot;created_timestamp&quot;:&quot;0&quot;,&quot;copyright&quot;:&quot;&quot;,&quot;focal_length&quot;:&quot;0&quot;,&quot;iso&quot;:&quot;0&quot;,&quot;shutter_speed&quot;:&quot;0&quot;,&quot;title&quot;:&quot;&quot;}\" data-image-title=\"Diapositive18\" data-image-description=\"\" data-image-caption=\"\" data-medium-file=\"https:\/\/apri.fmc-sc.org\/wp-content\/uploads\/2014\/03\/Diapositive18-300x168.jpg\" data-large-file=\"https:\/\/apri.fmc-sc.org\/wp-content\/uploads\/2014\/03\/Diapositive18.jpg\" \/><\/a>\n\t\t\t<\/dt><\/dl><br style=\"clear: both\" \/><dl class='gallery-item'>\n\t\t\t<dt class='gallery-icon landscape'>\n\t\t\t\t<a href='https:\/\/apri.fmc-sc.org\/?attachment_id=390'><img width=\"150\" height=\"150\" src=\"https:\/\/apri.fmc-sc.org\/wp-content\/uploads\/2014\/08\/3.pr\u00e9sentation-des-projets-des-fr\u00e8res-et-Soeurs-au-B\u00e9nin-150x150.jpg\" class=\"attachment-thumbnail size-thumbnail\" alt=\"\" decoding=\"async\" loading=\"lazy\" data-attachment-id=\"390\" data-permalink=\"https:\/\/apri.fmc-sc.org\/?attachment_id=390\" data-orig-file=\"https:\/\/apri.fmc-sc.org\/wp-content\/uploads\/2014\/08\/3.pr\u00e9sentation-des-projets-des-fr\u00e8res-et-Soeurs-au-B\u00e9nin.jpg\" data-orig-size=\"900,506\" data-comments-opened=\"1\" data-image-meta=\"{&quot;aperture&quot;:&quot;2.8&quot;,&quot;credit&quot;:&quot;&quot;,&quot;camera&quot;:&quot;DSC-HX1&quot;,&quot;caption&quot;:&quot;&quot;,&quot;created_timestamp&quot;:&quot;1395442525&quot;,&quot;copyright&quot;:&quot;&quot;,&quot;focal_length&quot;:&quot;5&quot;,&quot;iso&quot;:&quot;400&quot;,&quot;shutter_speed&quot;:&quot;0.04&quot;,&quot;title&quot;:&quot;&quot;}\" data-image-title=\"3.pr\u00e9sentation des projets des fr\u00e8res et Soeurs au B\u00e9nin\" data-image-description=\"\" data-image-caption=\"\" data-medium-file=\"https:\/\/apri.fmc-sc.org\/wp-content\/uploads\/2014\/08\/3.pr\u00e9sentation-des-projets-des-fr\u00e8res-et-Soeurs-au-B\u00e9nin-300x168.jpg\" data-large-file=\"https:\/\/apri.fmc-sc.org\/wp-content\/uploads\/2014\/08\/3.pr\u00e9sentation-des-projets-des-fr\u00e8res-et-Soeurs-au-B\u00e9nin.jpg\" \/><\/a>\n\t\t\t<\/dt><\/dl><dl class='gallery-item'>\n\t\t\t<dt class='gallery-icon landscape'>\n\t\t\t\t<a href='https:\/\/apri.fmc-sc.org\/?attachment_id=396'><img width=\"150\" height=\"150\" src=\"https:\/\/apri.fmc-sc.org\/wp-content\/uploads\/2014\/03\/Diapositive24-150x150.jpg\" class=\"attachment-thumbnail size-thumbnail\" alt=\"\" decoding=\"async\" loading=\"lazy\" data-attachment-id=\"396\" data-permalink=\"https:\/\/apri.fmc-sc.org\/?attachment_id=396\" data-orig-file=\"https:\/\/apri.fmc-sc.org\/wp-content\/uploads\/2014\/03\/Diapositive24.jpg\" data-orig-size=\"955,537\" data-comments-opened=\"1\" data-image-meta=\"{&quot;aperture&quot;:&quot;0&quot;,&quot;credit&quot;:&quot;&quot;,&quot;camera&quot;:&quot;&quot;,&quot;caption&quot;:&quot;&quot;,&quot;created_timestamp&quot;:&quot;0&quot;,&quot;copyright&quot;:&quot;&quot;,&quot;focal_length&quot;:&quot;0&quot;,&quot;iso&quot;:&quot;0&quot;,&quot;shutter_speed&quot;:&quot;0&quot;,&quot;title&quot;:&quot;&quot;}\" data-image-title=\"Diapositive24\" data-image-description=\"\" data-image-caption=\"\" data-medium-file=\"https:\/\/apri.fmc-sc.org\/wp-content\/uploads\/2014\/03\/Diapositive24-300x168.jpg\" data-large-file=\"https:\/\/apri.fmc-sc.org\/wp-content\/uploads\/2014\/03\/Diapositive24.jpg\" \/><\/a>\n\t\t\t<\/dt><\/dl><dl class='gallery-item'>\n\t\t\t<dt class='gallery-icon landscape'>\n\t\t\t\t<a href='https:\/\/apri.fmc-sc.org\/?attachment_id=397'><img width=\"150\" height=\"150\" src=\"https:\/\/apri.fmc-sc.org\/wp-content\/uploads\/2014\/03\/Diapositive25-150x150.jpg\" class=\"attachment-thumbnail size-thumbnail\" alt=\"\" decoding=\"async\" loading=\"lazy\" data-attachment-id=\"397\" data-permalink=\"https:\/\/apri.fmc-sc.org\/?attachment_id=397\" data-orig-file=\"https:\/\/apri.fmc-sc.org\/wp-content\/uploads\/2014\/03\/Diapositive25.jpg\" data-orig-size=\"960,540\" data-comments-opened=\"1\" data-image-meta=\"{&quot;aperture&quot;:&quot;0&quot;,&quot;credit&quot;:&quot;&quot;,&quot;camera&quot;:&quot;&quot;,&quot;caption&quot;:&quot;&quot;,&quot;created_timestamp&quot;:&quot;0&quot;,&quot;copyright&quot;:&quot;&quot;,&quot;focal_length&quot;:&quot;0&quot;,&quot;iso&quot;:&quot;0&quot;,&quot;shutter_speed&quot;:&quot;0&quot;,&quot;title&quot;:&quot;&quot;}\" data-image-title=\"Diapositive25\" data-image-description=\"\" data-image-caption=\"\" data-medium-file=\"https:\/\/apri.fmc-sc.org\/wp-content\/uploads\/2014\/03\/Diapositive25-300x168.jpg\" data-large-file=\"https:\/\/apri.fmc-sc.org\/wp-content\/uploads\/2014\/03\/Diapositive25.jpg\" \/><\/a>\n\t\t\t<\/dt><\/dl><br style=\"clear: both\" \/><dl class='gallery-item'>\n\t\t\t<dt class='gallery-icon landscape'>\n\t\t\t\t<a href='https:\/\/apri.fmc-sc.org\/?attachment_id=391'><img width=\"150\" height=\"150\" src=\"https:\/\/apri.fmc-sc.org\/wp-content\/uploads\/2014\/08\/4.sacs_.cartes-aux-couleurs-dAfrique-150x150.jpg\" class=\"attachment-thumbnail size-thumbnail\" alt=\"\" decoding=\"async\" loading=\"lazy\" data-attachment-id=\"391\" data-permalink=\"https:\/\/apri.fmc-sc.org\/?attachment_id=391\" data-orig-file=\"https:\/\/apri.fmc-sc.org\/wp-content\/uploads\/2014\/08\/4.sacs_.cartes-aux-couleurs-dAfrique.jpg\" data-orig-size=\"900,506\" data-comments-opened=\"1\" data-image-meta=\"{&quot;aperture&quot;:&quot;3.5&quot;,&quot;credit&quot;:&quot;&quot;,&quot;camera&quot;:&quot;DSC-HX1&quot;,&quot;caption&quot;:&quot;&quot;,&quot;created_timestamp&quot;:&quot;1395438933&quot;,&quot;copyright&quot;:&quot;&quot;,&quot;focal_length&quot;:&quot;10.4&quot;,&quot;iso&quot;:&quot;400&quot;,&quot;shutter_speed&quot;:&quot;0.02&quot;,&quot;title&quot;:&quot;&quot;}\" data-image-title=\"4.sacs.cartes aux couleurs d&amp;rsquo;Afrique\" data-image-description=\"\" data-image-caption=\"\" data-medium-file=\"https:\/\/apri.fmc-sc.org\/wp-content\/uploads\/2014\/08\/4.sacs_.cartes-aux-couleurs-dAfrique-300x168.jpg\" data-large-file=\"https:\/\/apri.fmc-sc.org\/wp-content\/uploads\/2014\/08\/4.sacs_.cartes-aux-couleurs-dAfrique.jpg\" \/><\/a>\n\t\t\t<\/dt><\/dl>\n\t\t\t<br style='clear: both' \/>\n\t\t<\/div>\n\n","protected":false},"excerpt":{"rendered":"<p>Une soir\u00e9e pour d\u00e9couvrir le B\u00e9nin et faire conna\u00eetre l&rsquo;APRI<\/p>\n","protected":false},"author":3,"featured_media":390,"comment_status":"open","ping_status":"open","sticky":false,"template":"","format":"standard","meta":{"jetpack_post_was_ever_published":false,"_jetpack_newsletter_access":"","_jetpack_newsletter_tier_id":0,"jetpack_publicize_message":"","jetpack_is_tweetstorm":false,"jetpack_publicize_feature_enabled":true,"jetpack_social_post_already_shared":true,"jetpack_social_options":{"image_generator_settings":{"template":"highway","enabled":false}}},"categories":[30],"tags":[],"jetpack_publicize_connections":[],"yoast_head":"<!-- This site is optimized with the Yoast SEO plugin v21.8.1 - https:\/\/yoast.com\/wordpress\/plugins\/seo\/ -->\n<title>Soir\u00e9e APRI \u00e0 Rozay en Brie - Association pour la Promotion Rurale Internationale<\/title>\n<meta name=\"description\" content=\"Une soir\u00e9e pour d\u00e9couvrir le B\u00e9nin et faire conna\u00eetre l&#039;APRI\" \/>\n<meta name=\"robots\" content=\"index, follow, max-snippet:-1, max-image-preview:large, max-video-preview:-1\" \/>\n<link rel=\"canonical\" href=\"https:\/\/apri.fmc-sc.org\/?p=386\" \/>\n<meta property=\"og:locale\" content=\"fr_FR\" \/>\n<meta property=\"og:type\" content=\"article\" \/>\n<meta property=\"og:title\" content=\"Soir\u00e9e APRI \u00e0 Rozay en Brie - Association pour la Promotion Rurale Internationale\" \/>\n<meta property=\"og:description\" content=\"Une soir\u00e9e pour d\u00e9couvrir le B\u00e9nin et faire conna\u00eetre l&#039;APRI\" \/>\n<meta property=\"og:url\" content=\"https:\/\/apri.fmc-sc.org\/?p=386\" \/>\n<meta property=\"og:site_name\" content=\"Association pour la Promotion Rurale Internationale\" \/>\n<meta property=\"article:published_time\" content=\"2014-03-22T19:16:34+00:00\" \/>\n<meta property=\"article:modified_time\" content=\"2015-03-27T09:45:58+00:00\" \/>\n<meta property=\"og:image\" content=\"https:\/\/apri.fmc-sc.org\/wp-content\/uploads\/2014\/08\/3.pr\u00e9sentation-des-projets-des-fr\u00e8res-et-Soeurs-au-B\u00e9nin.jpg\" \/>\n\t<meta property=\"og:image:width\" content=\"900\" \/>\n\t<meta property=\"og:image:height\" content=\"506\" \/>\n\t<meta property=\"og:image:type\" content=\"image\/jpeg\" \/>\n<meta name=\"author\" content=\"fmcsc\" \/>\n<meta name=\"twitter:label1\" content=\"\u00c9crit par\" \/>\n\t<meta name=\"twitter:data1\" content=\"fmcsc\" \/>\n<script type=\"application\/ld+json\" class=\"yoast-schema-graph\">{\"@context\":\"https:\/\/schema.org\",\"@graph\":[{\"@type\":\"WebPage\",\"@id\":\"https:\/\/apri.fmc-sc.org\/?p=386\",\"url\":\"https:\/\/apri.fmc-sc.org\/?p=386\",\"name\":\"Soir\u00e9e APRI \u00e0 Rozay en Brie - Association pour la Promotion Rurale Internationale\",\"isPartOf\":{\"@id\":\"https:\/\/apri.fmc-sc.org\/#website\"},\"datePublished\":\"2014-03-22T19:16:34+00:00\",\"dateModified\":\"2015-03-27T09:45:58+00:00\",\"author\":{\"@id\":\"https:\/\/apri.fmc-sc.org\/#\/schema\/person\/28b48a7b5f19e50a52b4cd4a2ceea931\"},\"description\":\"Une soir\u00e9e pour d\u00e9couvrir le B\u00e9nin et faire conna\u00eetre l'APRI\",\"inLanguage\":\"fr-FR\",\"potentialAction\":[{\"@type\":\"ReadAction\",\"target\":[\"https:\/\/apri.fmc-sc.org\/?p=386\"]}]},{\"@type\":\"WebSite\",\"@id\":\"https:\/\/apri.fmc-sc.org\/#website\",\"url\":\"https:\/\/apri.fmc-sc.org\/\",\"name\":\"Association pour la Promotion Rurale Internationale\",\"description\":\"\",\"potentialAction\":[{\"@type\":\"SearchAction\",\"target\":{\"@type\":\"EntryPoint\",\"urlTemplate\":\"https:\/\/apri.fmc-sc.org\/?s={search_term_string}\"},\"query-input\":\"required name=search_term_string\"}],\"inLanguage\":\"fr-FR\"},{\"@type\":\"Person\",\"@id\":\"https:\/\/apri.fmc-sc.org\/#\/schema\/person\/28b48a7b5f19e50a52b4cd4a2ceea931\",\"name\":\"fmcsc\",\"image\":{\"@type\":\"ImageObject\",\"inLanguage\":\"fr-FR\",\"@id\":\"https:\/\/apri.fmc-sc.org\/#\/schema\/person\/image\/\",\"url\":\"https:\/\/secure.gravatar.com\/avatar\/a7c2b0a8ca26700719b307bcb575725b?s=96&d=identicon&r=g\",\"contentUrl\":\"https:\/\/secure.gravatar.com\/avatar\/a7c2b0a8ca26700719b307bcb575725b?s=96&d=identicon&r=g\",\"caption\":\"fmcsc\"},\"url\":\"https:\/\/apri.fmc-sc.org\/?author=3\"}]}<\/script>\n<!-- \/ Yoast SEO plugin. -->","yoast_head_json":{"title":"Soir\u00e9e APRI \u00e0 Rozay en Brie - Association pour la Promotion Rurale Internationale","description":"Une soir\u00e9e pour d\u00e9couvrir le B\u00e9nin et faire conna\u00eetre l'APRI","robots":{"index":"index","follow":"follow","max-snippet":"max-snippet:-1","max-image-preview":"max-image-preview:large","max-video-preview":"max-video-preview:-1"},"canonical":"https:\/\/apri.fmc-sc.org\/?p=386","og_locale":"fr_FR","og_type":"article","og_title":"Soir\u00e9e APRI \u00e0 Rozay en Brie - Association pour la Promotion Rurale Internationale","og_description":"Une soir\u00e9e pour d\u00e9couvrir le B\u00e9nin et faire conna\u00eetre l'APRI","og_url":"https:\/\/apri.fmc-sc.org\/?p=386","og_site_name":"Association pour la Promotion Rurale Internationale","article_published_time":"2014-03-22T19:16:34+00:00","article_modified_time":"2015-03-27T09:45:58+00:00","og_image":[{"width":900,"height":506,"url":"https:\/\/apri.fmc-sc.org\/wp-content\/uploads\/2014\/08\/3.pr\u00e9sentation-des-projets-des-fr\u00e8res-et-Soeurs-au-B\u00e9nin.jpg","type":"image\/jpeg"}],"author":"fmcsc","twitter_misc":{"\u00c9crit par":"fmcsc"},"schema":{"@context":"https:\/\/schema.org","@graph":[{"@type":"WebPage","@id":"https:\/\/apri.fmc-sc.org\/?p=386","url":"https:\/\/apri.fmc-sc.org\/?p=386","name":"Soir\u00e9e APRI \u00e0 Rozay en Brie - Association pour la Promotion Rurale Internationale","isPartOf":{"@id":"https:\/\/apri.fmc-sc.org\/#website"},"datePublished":"2014-03-22T19:16:34+00:00","dateModified":"2015-03-27T09:45:58+00:00","author":{"@id":"https:\/\/apri.fmc-sc.org\/#\/schema\/person\/28b48a7b5f19e50a52b4cd4a2ceea931"},"description":"Une soir\u00e9e pour d\u00e9couvrir le B\u00e9nin et faire conna\u00eetre l'APRI","inLanguage":"fr-FR","potentialAction":[{"@type":"ReadAction","target":["https:\/\/apri.fmc-sc.org\/?p=386"]}]},{"@type":"WebSite","@id":"https:\/\/apri.fmc-sc.org\/#website","url":"https:\/\/apri.fmc-sc.org\/","name":"Association pour la Promotion Rurale Internationale","description":"","potentialAction":[{"@type":"SearchAction","target":{"@type":"EntryPoint","urlTemplate":"https:\/\/apri.fmc-sc.org\/?s={search_term_string}"},"query-input":"required name=search_term_string"}],"inLanguage":"fr-FR"},{"@type":"Person","@id":"https:\/\/apri.fmc-sc.org\/#\/schema\/person\/28b48a7b5f19e50a52b4cd4a2ceea931","name":"fmcsc","image":{"@type":"ImageObject","inLanguage":"fr-FR","@id":"https:\/\/apri.fmc-sc.org\/#\/schema\/person\/image\/","url":"https:\/\/secure.gravatar.com\/avatar\/a7c2b0a8ca26700719b307bcb575725b?s=96&d=identicon&r=g","contentUrl":"https:\/\/secure.gravatar.com\/avatar\/a7c2b0a8ca26700719b307bcb575725b?s=96&d=identicon&r=g","caption":"fmcsc"},"url":"https:\/\/apri.fmc-sc.org\/?author=3"}]}},"jetpack_featured_media_url":"https:\/\/apri.fmc-sc.org\/wp-content\/uploads\/2014\/08\/3.pr\u00e9sentation-des-projets-des-fr\u00e8res-et-Soeurs-au-B\u00e9nin.jpg","jetpack_sharing_enabled":true,"jetpack_shortlink":"https:\/\/wp.me\/p2Kxff-6e","jetpack_likes_enabled":true,"_links":{"self":[{"href":"https:\/\/apri.fmc-sc.org\/index.php?rest_route=\/wp\/v2\/posts\/386"}],"collection":[{"href":"https:\/\/apri.fmc-sc.org\/index.php?rest_route=\/wp\/v2\/posts"}],"about":[{"href":"https:\/\/apri.fmc-sc.org\/index.php?rest_route=\/wp\/v2\/types\/post"}],"author":[{"embeddable":true,"href":"https:\/\/apri.fmc-sc.org\/index.php?rest_route=\/wp\/v2\/users\/3"}],"replies":[{"embeddable":true,"href":"https:\/\/apri.fmc-sc.org\/index.php?rest_route=%2Fwp%2Fv2%2Fcomments&post=386"}],"version-history":[{"count":2,"href":"https:\/\/apri.fmc-sc.org\/index.php?rest_route=\/wp\/v2\/posts\/386\/revisions"}],"predecessor-version":[{"id":398,"href":"https:\/\/apri.fmc-sc.org\/index.php?rest_route=\/wp\/v2\/posts\/386\/revisions\/398"}],"wp:featuredmedia":[{"embeddable":true,"href":"https:\/\/apri.fmc-sc.org\/index.php?rest_route=\/wp\/v2\/media\/390"}],"wp:attachment":[{"href":"https:\/\/apri.fmc-sc.org\/index.php?rest_route=%2Fwp%2Fv2%2Fmedia&parent=386"}],"wp:term":[{"taxonomy":"category","embeddable":true,"href":"https:\/\/apri.fmc-sc.org\/index.php?rest_route=%2Fwp%2Fv2%2Fcategories&post=386"},{"taxonomy":"post_tag","embeddable":true,"href":"https:\/\/apri.fmc-sc.org\/index.php?rest_route=%2Fwp%2Fv2%2Ftags&post=386"}],"curies":[{"name":"wp","href":"https:\/\/api.w.org\/{rel}","templated":true}]}}