{"id":665,"date":"2018-06-22T13:54:48","date_gmt":"2018-06-22T12:54:48","guid":{"rendered":"http:\/\/apri.fmc-sc.org\/?p=665"},"modified":"2019-06-10T19:43:10","modified_gmt":"2019-06-10T18:43:10","slug":"lettre-info-n11","status":"publish","type":"post","link":"https:\/\/apri.fmc-sc.org\/?p=665","title":{"rendered":"Lettre info n\u00b011"},"content":{"rendered":"<p style=\"text-align: justify;\"><span style=\"font-family: georgia, serif; font-size: large;\">Dans cette lettre info vous trouverez des t\u00e9moignages d&rsquo;une b\u00e9n\u00e9ficiaire et d&rsquo;une b\u00e9n\u00e9vole du Projet d&rsquo;aide aux malades du Sida \u00e0 PAMA et un petit compte-rendu d&rsquo;une visite de Joseph et Marie-Jeanne ROULLEAU (membres actifs de l&rsquo;APRI) <\/span><span style=\"font-family: georgia, serif; font-size: large;\">en janvier dernier de 3 <\/span><span style=\"font-family: georgia, serif; font-size: large;\">Prieur\u00e9s du B\u00e9nin.<\/span><span style=\"font-family: georgia, serif; font-size: large;\"><br \/>\n<\/span><\/p>\n<p><strong>Projet VIH- SIDA \u00e0 Pama, Burkina Faso<\/strong><\/p>\n<p style=\"text-align: justify;\">Fr\u00e8re Augustin accompagne depuis plusieurs ann\u00e9es des malades du Sida \u00e0 Pama. Il nous a fait parvenir deux t\u00e9moignages, celui d&rsquo;Henriette, b\u00e9n\u00e9ficiaire et celui d&rsquo;un b\u00e9n\u00e9vole. Ces deux t\u00e9moignages nous permettent de mieux comprendre l&rsquo;importance de ce projet.<br \/>\nJe suis Henriette, b\u00e9n\u00e9ficiaire de l\u2019association \u00ab\u00a0Comit\u00e9 Paroissial de lutte contre le Sida\u00a0\u00bb. Je suis de l\u2019\u00e9glise protestante. Depuis que j\u2019ai \u00e9t\u00e9 accueillie par l\u2019association, je me trouve consol\u00e9e et encourag\u00e9e. J\u2019ai trouv\u00e9 une force morale et psychologique pour vivre avec le mal que je porte. L\u2019association m\u2019aide sur le plan moral, alimentaire et sanitaire. J\u2019ai d\u00e9couvert que l\u2019Eglise Catholique ne fait pas des distinctions entre les personnes par rapport \u00e0 leurs religions ou leur croyance. Je d\u00e9couvre le m\u00eame Dieu dont la loi fondamentale est l\u2019Amour du prochain quel qu\u2019en soit la provenance religieuse. Je remercie sinc\u00e8rement les responsables de l\u2019association pour le soutien constant accord\u00e9. Je n\u2019oublie pas les partenaires en particulier l\u2019association APRI qui ne cesse de venir \u00e0 notre secours. Que Dieu accorde \u00e0 tous les membres de l\u2019APRI la vie et le bonheur.<br \/>\nPrieur\u00e9 de PAMA<\/p>\n<p style=\"text-align: justify;\">Je suis b\u00e9n\u00e9vole au Comit\u00e9 paroissial de lutte contre le Sida depuis 2009.<br \/>\nJ\u2019ai commenc\u00e9 comme animatrice pendant trois ans. J\u2019ai b\u00e9n\u00e9fici\u00e9 de plusieurs formations qui m\u2019ont permis d\u2019acqu\u00e9rir une comp\u00e9tence dans le domaine de la sensibilisation aupr\u00e8s des populations et aussi des formations techniques d\u2019accompagnement. Je suis actuellement secr\u00e9taire permanente de l\u2019association depuis 2012. Je suis au bureau chaque jour pour l\u2019accueil des b\u00e9n\u00e9ficiaires et la finalisation des diff\u00e9rents dossiers administratifs. Je trouve ma joie en me donnant pour les autres qui sont mes prochains et qui se trouvent dans cette situation de maladie qu&rsquo;ils n\u2019ont pas choisie. Je fais ce travail pour aider les autres au nom de ma foi chr\u00e9tienne. Aimez-vous les uns les autres comme je vous ai aim\u00e9 dit J\u00e9sus. C\u2019est cette invitation du Christ \u00e0 aimer surtout les plus d\u00e9munis qui me motive \u00e0 me donner avec joie malgr\u00e9 les difficult\u00e9s rencontr\u00e9s dans ce service : les incompr\u00e9hensions entre b\u00e9n\u00e9ficiaires, le manque de financement local pour assurer le suivi continu des b\u00e9n\u00e9ficiaires et pouvoir sensibiliser les populations environnantes.<\/p>\n<p>Pour le co-financement de ce projet, un contact a \u00e9t\u00e9 pris avec la Fondation de France.<br \/>\nAide apport\u00e9e par l&rsquo;APRI 1 500 \u20ac.<\/p>\n<p style=\"text-align: justify;\"><strong>Visite au B\u00e9nin<\/strong><\/p>\n<p style=\"text-align: justify;\">Nous sommes membres de l&rsquo;APRI depuis avril 2016. En janvier dernier nous sommes all\u00e9s au Togo, nous avons profit\u00e9 de ce s\u00e9jour pour rendre visite \u00e0 quelques prieur\u00e9s au B\u00e9nin. Ces rencontres nous ont permis de mettre des visages sur des noms devenus familiers et surtout de mesurer sur place le travail accompli par les S\u0153urs et les Fr\u00e8res. Ce s\u00e9jour parmi eux a \u00e9t\u00e9 tr\u00e8s enrichissant et surtout tr\u00e8s fraternel.<br \/>\nPrieur\u00e9 des S\u0153urs de Copargo, nous avons pu suivre les s\u0153urs une matin\u00e9e. Joseph est all\u00e9 avec Sr Cl\u00e9mence aux jardins de Babayaka. Il a \u00e9t\u00e9 tr\u00e8s impressionn\u00e9 par la qualit\u00e9 de l&rsquo;accompagnement de Sr Cl\u00e9mence et le souhait des jardiniers de continuer \u00e0 se former pour am\u00e9liorer leur culture (Il n&rsquo;avait pas d&rsquo;appareil photo). Quant \u00e0 moi je suis all\u00e9e avec Sr Jocelyne qui suit depuis cette ann\u00e9e le projet nutrition des b\u00e9b\u00e9s avec Ruffine, l&rsquo;animatrice. Matin\u00e9e tr\u00e8s riche au village : une douzaine de femmes \u00e9taient pr\u00e9sentes avec leurs enfants, pour la r\u00e9alisation d&rsquo;une bouillie enrichie au fonio et ensuite la pes\u00e9e des b\u00e9b\u00e9s. Ces rencontres sont aussi l&rsquo;occasion d&rsquo;\u00e9changer sur leur vie quotidienne.<\/p>\n<p>Distribution de la bouillie \u00e0 chaque maman Pes\u00e9e des b\u00e9b\u00e9s, Ruffine remplit les fiches sous l&rsquo;\u0153il de Sr Jocelyne<br \/>\nEn plus des diff\u00e9rents projets qu&rsquo;elles animent (groupe de femmes, micro-cr\u00e9dits\u2026) les S\u0153urs sont aussi pr\u00e9sentes sur la paroisse de Copargo o\u00f9 elles sont implant\u00e9es depuis 2000.<br \/>\nPrieur\u00e9 des Fr\u00e8res de Birni. Fr Hippolyte, cur\u00e9 de la paroisse, nous a fait visiter sa ville et les r\u00e9alisations financ\u00e9es entre autres par l&rsquo;APRI : le foyer St Kisito pour les jeunes lyc\u00e9ens, forage avec pompe solaire pour le foyer et les villageois, les latrines, etc\u2026 Nous avons pu faire le point en soir\u00e9e avec les fr\u00e8res de Birni sur leurs projets et les difficult\u00e9s qu&rsquo;ils rencontrent, et aussi sur les avanc\u00e9es. Le lendemain nous avons eu la joie de participer au rassemblement des fr\u00e8res, dont les postulants, des 2 prieur\u00e9s, Birni et PamPam, en ce jour de la Conversion de St Paul, c&rsquo;\u00e9tait jour de f\u00eate pour nous tous !<\/p>\n<p>Photo de groupe \u00e0 Birni Aper\u00e7u du sol du Prieur\u00e9 de PamPam, sec et caillouteux\u2026<br \/>\nPrieur\u00e9 des Fr\u00e8res de PamPam. C&rsquo;est une implantation r\u00e9cente, dans une ferme agro-pastorale avec un centre de formation ; ce centre a \u00e9t\u00e9 confi\u00e9 aux Fr\u00e8res par l&rsquo;\u00e9v\u00eaque de Natitingou. Les fr\u00e8res y forment des jeunes qui souhaitent devenir agriculteurs et assurent un suivi durant l&rsquo;ann\u00e9e qui suit la formation. Nous avons eu un \u00e9change avec les stagiaires qui terminaient leur 1\u00e8re ann\u00e9e de formation. Il y a sur place un \u00e9levage de porcs, de volailles, des cultures et un jardin. Les fr\u00e8res ont \u00e9galement un projet de pisciculture dans le petit barrage qui est aussi utilis\u00e9 pour l&rsquo;arrosage. Le sol est pauvre et difficile \u00e0 travailler, le village est distant de 6 kms du goudron par une piste tr\u00e8s difficile. Le d\u00e9c\u00e8s de Fr Bonaventure en mai dernier n&rsquo;a pas facilit\u00e9 l&rsquo;installation. Les Fr\u00e8res forment une Communaut\u00e9 accueillante, dans un contexte difficile, ils ont r\u00e9ellement besoin de notre soutien.<\/p>\n<p style=\"text-align: justify;\">Joseph et Marie-Jeanne ROULLEAU<\/p>\n<p><strong>Nous comptons sur vos dons pour continuer \u00e0 nous soutenir !<\/strong><\/p>\n<p>T\u00e9l\u00e9charger en pdf la lettre info n\u00b011 : <a href=\"http:\/\/apri.fmc-sc.org\/wp-content\/uploads\/2018\/06\/2018.APRI_Lettre_info_n\u00b011.pdf\">Cliquer ici<\/a><\/p>\n","protected":false},"excerpt":{"rendered":"<p>Dans cette lettre info vous trouverez des t\u00e9moignages d&rsquo;une b\u00e9n\u00e9ficiaire et d&rsquo;une b\u00e9n\u00e9vole du Projet d&rsquo;aide aux malades du Sida \u00e0 PAMA et un petit compte-rendu d&rsquo;une visite de Joseph et Marie-Jeanne ROULLEAU (membres actifs de l&rsquo;APRI) en janvier dernier de 3 Prieur\u00e9s du B\u00e9nin. Projet VIH- SIDA \u00e0 Pama, [&hellip;]<\/p>\n","protected":false},"author":3,"featured_media":463,"comment_status":"open","ping_status":"open","sticky":false,"template":"","format":"standard","meta":{"jetpack_post_was_ever_published":false,"_jetpack_newsletter_access":"","_jetpack_newsletter_tier_id":0,"jetpack_publicize_message":"","jetpack_is_tweetstorm":false,"jetpack_publicize_feature_enabled":true,"jetpack_social_post_already_shared":true,"jetpack_social_options":{"image_generator_settings":{"template":"highway","enabled":false}}},"categories":[18],"tags":[39,46],"jetpack_publicize_connections":[],"yoast_head":"<!-- This site is optimized with the Yoast SEO plugin v21.8.1 - https:\/\/yoast.com\/wordpress\/plugins\/seo\/ -->\n<title>Lettre info n\u00b011 - Association pour la Promotion Rurale Internationale<\/title>\n<meta name=\"robots\" content=\"index, follow, max-snippet:-1, max-image-preview:large, max-video-preview:-1\" \/>\n<link rel=\"canonical\" href=\"https:\/\/apri.fmc-sc.org\/?p=665\" \/>\n<meta property=\"og:locale\" content=\"fr_FR\" \/>\n<meta property=\"og:type\" content=\"article\" \/>\n<meta property=\"og:title\" content=\"Lettre info n\u00b011 - Association pour la Promotion Rurale Internationale\" \/>\n<meta property=\"og:description\" content=\"Dans cette lettre info vous trouverez des t\u00e9moignages d&rsquo;une b\u00e9n\u00e9ficiaire et d&rsquo;une b\u00e9n\u00e9vole du Projet d&rsquo;aide aux malades du Sida \u00e0 PAMA et un petit compte-rendu d&rsquo;une visite de Joseph et Marie-Jeanne ROULLEAU (membres actifs de l&rsquo;APRI) en janvier dernier de 3 Prieur\u00e9s du B\u00e9nin. Projet VIH- SIDA \u00e0 Pama, [&hellip;]\" \/>\n<meta property=\"og:url\" content=\"https:\/\/apri.fmc-sc.org\/?p=665\" \/>\n<meta property=\"og:site_name\" content=\"Association pour la Promotion Rurale Internationale\" \/>\n<meta property=\"article:published_time\" content=\"2018-06-22T12:54:48+00:00\" \/>\n<meta property=\"article:modified_time\" content=\"2019-06-10T18:43:10+00:00\" \/>\n<meta property=\"og:image\" content=\"https:\/\/apri.fmc-sc.org\/wp-content\/uploads\/2014\/04\/APRI_New.jpg\" \/>\n\t<meta property=\"og:image:width\" content=\"700\" \/>\n\t<meta property=\"og:image:height\" content=\"394\" \/>\n\t<meta property=\"og:image:type\" content=\"image\/jpeg\" \/>\n<meta name=\"author\" content=\"fmcsc\" \/>\n<meta name=\"twitter:label1\" content=\"\u00c9crit par\" \/>\n\t<meta name=\"twitter:data1\" content=\"fmcsc\" \/>\n\t<meta name=\"twitter:label2\" content=\"Dur\u00e9e de lecture estim\u00e9e\" \/>\n\t<meta name=\"twitter:data2\" content=\"5 minutes\" \/>\n<script type=\"application\/ld+json\" class=\"yoast-schema-graph\">{\"@context\":\"https:\/\/schema.org\",\"@graph\":[{\"@type\":\"WebPage\",\"@id\":\"https:\/\/apri.fmc-sc.org\/?p=665\",\"url\":\"https:\/\/apri.fmc-sc.org\/?p=665\",\"name\":\"Lettre info n\u00b011 - Association pour la Promotion Rurale Internationale\",\"isPartOf\":{\"@id\":\"https:\/\/apri.fmc-sc.org\/#website\"},\"datePublished\":\"2018-06-22T12:54:48+00:00\",\"dateModified\":\"2019-06-10T18:43:10+00:00\",\"author\":{\"@id\":\"https:\/\/apri.fmc-sc.org\/#\/schema\/person\/28b48a7b5f19e50a52b4cd4a2ceea931\"},\"inLanguage\":\"fr-FR\",\"potentialAction\":[{\"@type\":\"ReadAction\",\"target\":[\"https:\/\/apri.fmc-sc.org\/?p=665\"]}]},{\"@type\":\"WebSite\",\"@id\":\"https:\/\/apri.fmc-sc.org\/#website\",\"url\":\"https:\/\/apri.fmc-sc.org\/\",\"name\":\"Association pour la Promotion Rurale Internationale\",\"description\":\"\",\"potentialAction\":[{\"@type\":\"SearchAction\",\"target\":{\"@type\":\"EntryPoint\",\"urlTemplate\":\"https:\/\/apri.fmc-sc.org\/?s={search_term_string}\"},\"query-input\":\"required name=search_term_string\"}],\"inLanguage\":\"fr-FR\"},{\"@type\":\"Person\",\"@id\":\"https:\/\/apri.fmc-sc.org\/#\/schema\/person\/28b48a7b5f19e50a52b4cd4a2ceea931\",\"name\":\"fmcsc\",\"image\":{\"@type\":\"ImageObject\",\"inLanguage\":\"fr-FR\",\"@id\":\"https:\/\/apri.fmc-sc.org\/#\/schema\/person\/image\/\",\"url\":\"https:\/\/secure.gravatar.com\/avatar\/a7c2b0a8ca26700719b307bcb575725b?s=96&d=identicon&r=g\",\"contentUrl\":\"https:\/\/secure.gravatar.com\/avatar\/a7c2b0a8ca26700719b307bcb575725b?s=96&d=identicon&r=g\",\"caption\":\"fmcsc\"},\"url\":\"https:\/\/apri.fmc-sc.org\/?author=3\"}]}<\/script>\n<!-- \/ Yoast SEO plugin. -->","yoast_head_json":{"title":"Lettre info n\u00b011 - Association pour la Promotion Rurale Internationale","robots":{"index":"index","follow":"follow","max-snippet":"max-snippet:-1","max-image-preview":"max-image-preview:large","max-video-preview":"max-video-preview:-1"},"canonical":"https:\/\/apri.fmc-sc.org\/?p=665","og_locale":"fr_FR","og_type":"article","og_title":"Lettre info n\u00b011 - Association pour la Promotion Rurale Internationale","og_description":"Dans cette lettre info vous trouverez des t\u00e9moignages d&rsquo;une b\u00e9n\u00e9ficiaire et d&rsquo;une b\u00e9n\u00e9vole du Projet d&rsquo;aide aux malades du Sida \u00e0 PAMA et un petit compte-rendu d&rsquo;une visite de Joseph et Marie-Jeanne ROULLEAU (membres actifs de l&rsquo;APRI) en janvier dernier de 3 Prieur\u00e9s du B\u00e9nin. Projet VIH- SIDA \u00e0 Pama, [&hellip;]","og_url":"https:\/\/apri.fmc-sc.org\/?p=665","og_site_name":"Association pour la Promotion Rurale Internationale","article_published_time":"2018-06-22T12:54:48+00:00","article_modified_time":"2019-06-10T18:43:10+00:00","og_image":[{"width":700,"height":394,"url":"https:\/\/apri.fmc-sc.org\/wp-content\/uploads\/2014\/04\/APRI_New.jpg","type":"image\/jpeg"}],"author":"fmcsc","twitter_misc":{"\u00c9crit par":"fmcsc","Dur\u00e9e de lecture estim\u00e9e":"5 minutes"},"schema":{"@context":"https:\/\/schema.org","@graph":[{"@type":"WebPage","@id":"https:\/\/apri.fmc-sc.org\/?p=665","url":"https:\/\/apri.fmc-sc.org\/?p=665","name":"Lettre info n\u00b011 - Association pour la Promotion Rurale Internationale","isPartOf":{"@id":"https:\/\/apri.fmc-sc.org\/#website"},"datePublished":"2018-06-22T12:54:48+00:00","dateModified":"2019-06-10T18:43:10+00:00","author":{"@id":"https:\/\/apri.fmc-sc.org\/#\/schema\/person\/28b48a7b5f19e50a52b4cd4a2ceea931"},"inLanguage":"fr-FR","potentialAction":[{"@type":"ReadAction","target":["https:\/\/apri.fmc-sc.org\/?p=665"]}]},{"@type":"WebSite","@id":"https:\/\/apri.fmc-sc.org\/#website","url":"https:\/\/apri.fmc-sc.org\/","name":"Association pour la Promotion Rurale Internationale","description":"","potentialAction":[{"@type":"SearchAction","target":{"@type":"EntryPoint","urlTemplate":"https:\/\/apri.fmc-sc.org\/?s={search_term_string}"},"query-input":"required name=search_term_string"}],"inLanguage":"fr-FR"},{"@type":"Person","@id":"https:\/\/apri.fmc-sc.org\/#\/schema\/person\/28b48a7b5f19e50a52b4cd4a2ceea931","name":"fmcsc","image":{"@type":"ImageObject","inLanguage":"fr-FR","@id":"https:\/\/apri.fmc-sc.org\/#\/schema\/person\/image\/","url":"https:\/\/secure.gravatar.com\/avatar\/a7c2b0a8ca26700719b307bcb575725b?s=96&d=identicon&r=g","contentUrl":"https:\/\/secure.gravatar.com\/avatar\/a7c2b0a8ca26700719b307bcb575725b?s=96&d=identicon&r=g","caption":"fmcsc"},"url":"https:\/\/apri.fmc-sc.org\/?author=3"}]}},"jetpack_featured_media_url":"https:\/\/apri.fmc-sc.org\/wp-content\/uploads\/2014\/04\/APRI_New.jpg","jetpack_sharing_enabled":true,"jetpack_shortlink":"https:\/\/wp.me\/p2Kxff-aJ","jetpack_likes_enabled":true,"_links":{"self":[{"href":"https:\/\/apri.fmc-sc.org\/index.php?rest_route=\/wp\/v2\/posts\/665"}],"collection":[{"href":"https:\/\/apri.fmc-sc.org\/index.php?rest_route=\/wp\/v2\/posts"}],"about":[{"href":"https:\/\/apri.fmc-sc.org\/index.php?rest_route=\/wp\/v2\/types\/post"}],"author":[{"embeddable":true,"href":"https:\/\/apri.fmc-sc.org\/index.php?rest_route=\/wp\/v2\/users\/3"}],"replies":[{"embeddable":true,"href":"https:\/\/apri.fmc-sc.org\/index.php?rest_route=%2Fwp%2Fv2%2Fcomments&post=665"}],"version-history":[{"count":2,"href":"https:\/\/apri.fmc-sc.org\/index.php?rest_route=\/wp\/v2\/posts\/665\/revisions"}],"predecessor-version":[{"id":668,"href":"https:\/\/apri.fmc-sc.org\/index.php?rest_route=\/wp\/v2\/posts\/665\/revisions\/668"}],"wp:featuredmedia":[{"embeddable":true,"href":"https:\/\/apri.fmc-sc.org\/index.php?rest_route=\/wp\/v2\/media\/463"}],"wp:attachment":[{"href":"https:\/\/apri.fmc-sc.org\/index.php?rest_route=%2Fwp%2Fv2%2Fmedia&parent=665"}],"wp:term":[{"taxonomy":"category","embeddable":true,"href":"https:\/\/apri.fmc-sc.org\/index.php?rest_route=%2Fwp%2Fv2%2Fcategories&post=665"},{"taxonomy":"post_tag","embeddable":true,"href":"https:\/\/apri.fmc-sc.org\/index.php?rest_route=%2Fwp%2Fv2%2Ftags&post=665"}],"curies":[{"name":"wp","href":"https:\/\/api.w.org\/{rel}","templated":true}]}}